{"id":64,"date":"2009-01-20T18:28:45","date_gmt":"2009-01-20T16:28:45","guid":{"rendered":"http:\/\/blog.proele.es\/sonsoles\/2009\/01\/20\/concurso-de-relatos-breves\/"},"modified":"2010-07-04T17:40:45","modified_gmt":"2010-07-04T15:40:45","slug":"concurso-de-relatos-breves","status":"publish","type":"post","link":"https:\/\/e-le.es\/sonsoles\/concurso-de-relatos-breves\/","title":{"rendered":"Concurso de relatos breves"},"content":{"rendered":"<p align=\"center\"><img loading=\"lazy\" decoding=\"async\" class=\"aligncenter size-full wp-image-66\" src=\"http:\/\/e-le.es\/sonsoles\/files\/2009\/01\/foto-3.jpg\" alt=\"foto-3\" width=\"394\" height=\"500\" srcset=\"https:\/\/e-le.es\/sonsoles\/wp-content\/uploads\/sites\/2\/2009\/01\/foto-3.jpg 394w, https:\/\/e-le.es\/sonsoles\/wp-content\/uploads\/sites\/2\/2009\/01\/foto-3-236x300.jpg 236w\" sizes=\"auto, (max-width: 394px) 100vw, 394px\" \/><\/p>\n<p>Os propongo una nueva actividad: \u00a1vamos a crear nosotros mismos LITERATURA! Cada semana yo iniciar\u00e9 una historia que vosotros tendr\u00e9is que convertir en un peque\u00f1o relato. Al final del curso votaremos por la mejor historia y el ganador recibir\u00e1 un codiciado premio&#8230; \ud83d\ude09<\/p>\n<p>All\u00e1 va la introducci\u00f3n del <strong>primer relato<\/strong>:<\/p>\n<p><em>\u00abCuando Mart\u00edn lleg\u00f3 a la fiesta, los invitados ya se hab\u00edan marchado. S\u00f3lo Cristina segu\u00eda all\u00ed, sentada en el jard\u00edn, bebiendo el \u00faltimo trago,\u00a0pensativa&#8230;.\u00bb<\/em><\/p>\n","protected":false},"excerpt":{"rendered":"<p>Os propongo una nueva actividad: \u00a1vamos a crear nosotros mismos LITERATURA! Cada semana yo iniciar\u00e9 una historia que vosotros tendr\u00e9is que convertir en un peque\u00f1o relato. Al final del curso votaremos por la mejor historia y el ganador recibir\u00e1 un codiciado premio&#8230; \ud83d\ude09 All\u00e1 va la introducci\u00f3n del primer relato: \u00abCuando Mart\u00edn lleg\u00f3 a la &hellip; <a href=\"https:\/\/e-le.es\/sonsoles\/concurso-de-relatos-breves\/\" class=\"more-link\">Seguir leyendo <span class=\"screen-reader-text\">Concurso de relatos breves<\/span> <span class=\"meta-nav\">&rarr;<\/span><\/a><\/p>\n","protected":false},"author":23,"featured_media":0,"comment_status":"open","ping_status":"open","sticky":false,"template":"","format":"standard","meta":{"footnotes":""},"categories":[],"tags":[],"class_list":["post-64","post","type-post","status-publish","format-standard","hentry"],"_links":{"self":[{"href":"https:\/\/e-le.es\/sonsoles\/wp-json\/wp\/v2\/posts\/64","targetHints":{"allow":["GET"]}}],"collection":[{"href":"https:\/\/e-le.es\/sonsoles\/wp-json\/wp\/v2\/posts"}],"about":[{"href":"https:\/\/e-le.es\/sonsoles\/wp-json\/wp\/v2\/types\/post"}],"author":[{"embeddable":true,"href":"https:\/\/e-le.es\/sonsoles\/wp-json\/wp\/v2\/users\/23"}],"replies":[{"embeddable":true,"href":"https:\/\/e-le.es\/sonsoles\/wp-json\/wp\/v2\/comments?post=64"}],"version-history":[{"count":4,"href":"https:\/\/e-le.es\/sonsoles\/wp-json\/wp\/v2\/posts\/64\/revisions"}],"predecessor-version":[{"id":430,"href":"https:\/\/e-le.es\/sonsoles\/wp-json\/wp\/v2\/posts\/64\/revisions\/430"}],"wp:attachment":[{"href":"https:\/\/e-le.es\/sonsoles\/wp-json\/wp\/v2\/media?parent=64"}],"wp:term":[{"taxonomy":"category","embeddable":true,"href":"https:\/\/e-le.es\/sonsoles\/wp-json\/wp\/v2\/categories?post=64"},{"taxonomy":"post_tag","embeddable":true,"href":"https:\/\/e-le.es\/sonsoles\/wp-json\/wp\/v2\/tags?post=64"}],"curies":[{"name":"wp","href":"https:\/\/api.w.org\/{rel}","templated":true}]}}