{"id":1947,"date":"2016-03-29T10:05:32","date_gmt":"2016-03-29T10:05:32","guid":{"rendered":"http:\/\/e-le.es\/sonsoles\/?p=1947"},"modified":"2016-04-10T18:45:08","modified_gmt":"2016-04-10T18:45:08","slug":"hablando-de-resiliencia-la-vida-secreta-de-las-palabras-i-coixet","status":"publish","type":"post","link":"https:\/\/e-le.es\/sonsoles\/hablando-de-resiliencia-la-vida-secreta-de-las-palabras-i-coixet\/","title":{"rendered":"Hablando de resiliencia&#8230; \u00abLa vida secreta de las palabras\u00bb (I. Coixet)"},"content":{"rendered":"<p><strong>RESILIENCIA =<\/strong>\u00a0<em>la vuelta a la vida tras un trauma psicol\u00f3gico<\/em>\u00a0(B. Cyrulnik)<\/p>\n<p>M\u00e1s informaciones sobre el tema: <em><a href=\"http:\/\/elpais.com\/elpais\/2016\/03\/22\/actualidad\/1458660245_345067.html\">Tiempos de resiliencia<\/a><\/em>, <em><a href=\"http:\/\/elpais.com\/elpais\/2016\/03\/22\/actualidad\/1458665067_836852.html\">\u00abNadie sabe lo que es la felicidad\u00bb<\/a>\u00a0<\/em>(art\u00edculos de El Pa\u00eds)<em>. <\/em><\/p>\n<p><em>Datos sobre\u00a0<a href=\"http:\/\/cnnespanol.cnn.com\/2016\/03\/16\/los-paises-mas-felices-del-mundo-son\/#0\">Los pa\u00edses m\u00e1s felices<\/a>.<\/em><\/p>\n<p>Vida feliz: <a href=\"http:\/\/elpais.com\/elpais\/2016\/04\/05\/buenavida\/1459867030_760465.html\"><em>Por qu\u00e9 los sabios viven m\u00e1s a\u00f1os<\/em><\/a><\/p>\n<p>La pel\u00edcula <strong><em>La vida secreta de las palabras<\/em> <\/strong>(I. Coixet, 2005) narra una historia con im\u00e1genes, m\u00fasica y pocas palabras, que nos ilustra c\u00f3mo funciona la resiliencia. Y, sobre todo, es una pel\u00edcula bella y po\u00e9tica, un homenaje al amor.<\/p>\n<p><iframe loading=\"lazy\" title=\"La vida secreta de las palabras\" width=\"474\" height=\"356\" src=\"https:\/\/www.youtube.com\/embed\/LaGzF9NLVrU?feature=oembed\" frameborder=\"0\" allow=\"accelerometer; autoplay; clipboard-write; encrypted-media; gyroscope; picture-in-picture; web-share\" referrerpolicy=\"strict-origin-when-cross-origin\" allowfullscreen><\/iframe><\/p>\n<ul>\n<li><span class=\"bold01\">A\u00f1o:<\/span> <a href=\"http:\/\/decine21.com\/component\/decine21\/peliculasfiltradas?anno=2005&amp;Itemid=139\">2005<\/a><\/li>\n<li><span class=\"bold01\">Pa\u00eds:<\/span> <a href=\"http:\/\/decine21.com\/component\/decine21\/peliculasfiltradas?pais=3&amp;Itemid=139\">Espa\u00f1a<\/a><\/li>\n<li><span class=\"bold01\">Direcci\u00f3n:<\/span> <a href=\"http:\/\/decine21.com\/biografias\/Isabel-Coixet-30345\">Isabel Coixet<\/a><\/li>\n<li><span class=\"bold01\">Int\u00e9rpretes:<\/span> <a href=\"http:\/\/decine21.com\/biografias\/sarah-polley-4914\">Sarah Polley<\/a>, <a href=\"http:\/\/decine21.com\/biografias\/tim-robbins-4915\">Tim Robbins<\/a>, <a href=\"http:\/\/decine21.com\/biografias\/javier-camara-4916\">Javier C\u00e1mara<\/a>, <a href=\"http:\/\/decine21.com\/biografias\/eddie-marsan-4917\">Eddie Marsan<\/a>,<a href=\"http:\/\/decine21.com\/biografias\/Steven-Mackintosh-7832\">Steven Mackintosh<\/a>, <a href=\"http:\/\/decine21.com\/biografias\/Julie-Christie-4918\">Julie Christie<\/a>, <a href=\"http:\/\/decine21.com\/biografias\/leonor-watling-6854\">Leonor Watling<\/a>, <a href=\"http:\/\/decine21.com\/biografias\/Reg-Wilson-20105\">Reg Wilson<\/a><\/li>\n<li><span class=\"bold01\">Gui\u00f3n:<\/span> <a href=\"http:\/\/decine21.com\/biografias\/Isabel-Coixet-30345\">Isabel Coixet<\/a><\/li>\n<\/ul>\n<p>M\u00e1s informaciones sobre la directora de <strong>Isabel Coixet<\/strong> en la entrada de nuestro blog <em><a href=\"http:\/\/e-le.es\/sonsoles\/?s=Coixet\">\u00abIsabel Coixet, de la publicidad al cine y viceversa\u00bb<\/a><\/em> y en nuestra p\u00e1gina <strong>DE CINE<\/strong>.<\/p>\n","protected":false},"excerpt":{"rendered":"<p>RESILIENCIA =\u00a0la vuelta a la vida tras un trauma psicol\u00f3gico\u00a0(B. Cyrulnik) M\u00e1s informaciones sobre el tema: Tiempos de resiliencia, \u00abNadie sabe lo que es la felicidad\u00bb\u00a0(art\u00edculos de El Pa\u00eds). Datos sobre\u00a0Los pa\u00edses m\u00e1s felices. Vida feliz: Por qu\u00e9 los sabios viven m\u00e1s a\u00f1os La pel\u00edcula La vida secreta de las palabras (I. Coixet, 2005) narra &hellip; <a href=\"https:\/\/e-le.es\/sonsoles\/hablando-de-resiliencia-la-vida-secreta-de-las-palabras-i-coixet\/\" class=\"more-link\">Seguir leyendo <span class=\"screen-reader-text\">Hablando de resiliencia&#8230; \u00abLa vida secreta de las palabras\u00bb (I. Coixet)<\/span> <span class=\"meta-nav\">&rarr;<\/span><\/a><\/p>\n","protected":false},"author":2,"featured_media":0,"comment_status":"open","ping_status":"open","sticky":false,"template":"","format":"standard","meta":{"footnotes":""},"categories":[5,12,1],"tags":[],"class_list":["post-1947","post","type-post","status-publish","format-standard","hentry","category-cine","category-espanol-c1","category-general"],"_links":{"self":[{"href":"https:\/\/e-le.es\/sonsoles\/wp-json\/wp\/v2\/posts\/1947","targetHints":{"allow":["GET"]}}],"collection":[{"href":"https:\/\/e-le.es\/sonsoles\/wp-json\/wp\/v2\/posts"}],"about":[{"href":"https:\/\/e-le.es\/sonsoles\/wp-json\/wp\/v2\/types\/post"}],"author":[{"embeddable":true,"href":"https:\/\/e-le.es\/sonsoles\/wp-json\/wp\/v2\/users\/2"}],"replies":[{"embeddable":true,"href":"https:\/\/e-le.es\/sonsoles\/wp-json\/wp\/v2\/comments?post=1947"}],"version-history":[{"count":6,"href":"https:\/\/e-le.es\/sonsoles\/wp-json\/wp\/v2\/posts\/1947\/revisions"}],"predecessor-version":[{"id":1965,"href":"https:\/\/e-le.es\/sonsoles\/wp-json\/wp\/v2\/posts\/1947\/revisions\/1965"}],"wp:attachment":[{"href":"https:\/\/e-le.es\/sonsoles\/wp-json\/wp\/v2\/media?parent=1947"}],"wp:term":[{"taxonomy":"category","embeddable":true,"href":"https:\/\/e-le.es\/sonsoles\/wp-json\/wp\/v2\/categories?post=1947"},{"taxonomy":"post_tag","embeddable":true,"href":"https:\/\/e-le.es\/sonsoles\/wp-json\/wp\/v2\/tags?post=1947"}],"curies":[{"name":"wp","href":"https:\/\/api.w.org\/{rel}","templated":true}]}}